{"id":364,"date":"2026-04-29T21:01:39","date_gmt":"2026-04-29T19:01:39","guid":{"rendered":"http:\/\/www.kvarnparksbadet.org\/?p=364"},"modified":"2026-04-29T21:03:10","modified_gmt":"2026-04-29T19:03:10","slug":"badet-oppnar-22-maj","status":"publish","type":"post","link":"https:\/\/www.kvarnparksbadet.org\/?p=364","title":{"rendered":"Sommaren 2026 n\u00e4rmar sig!"},"content":{"rendered":"<p>Den 23 maj \u00f6ppnar badet f\u00f6r s\u00e4songen 2026!<br \/>\nVi hoppas p\u00e5 m\u00e5nga b\u00e5de nya och tidigare medlemmar \u00e4ven denna s\u00e4song.<br \/>\n(Planerad sista \u00f6ppetdag f\u00f6r s\u00e4songen 2026 \u00e4r s\u00f6ndagen 23 augusti, kan \u00e4ndras!)<\/p>\n<p><a href=\"http:\/\/www.kvarnparksbadet.org\/?attachment_id=128\" rel=\"attachment wp-att-128\"><img decoding=\"async\" loading=\"lazy\" class=\"size-full wp-image-128 aligncenter\" src=\"http:\/\/www.kvarnparksbadet.org\/wp-content\/uploads\/2010\/03\/Anlaggningen2.png\" alt=\"\" width=\"300\" height=\"225\" \/><\/a><\/p>\n<p><!-- Dessutom vill vi p\u00e5minna om att ni nu kan anm\u00e4la era barn till simskola f\u00f6r sommaren, eftersom vi har ett begr\u00e4nsat antal platser vill vi uppmana er att anm\u00e4la era barn s\u00e5 snart som m\u00f6jligt. --><\/p>\n","protected":false},"excerpt":{"rendered":"<p>Den 23 maj \u00f6ppnar badet f\u00f6r s\u00e4songen 2026! Vi hoppas p\u00e5 m\u00e5nga b\u00e5de nya och tidigare medlemmar \u00e4ven denna s\u00e4song. (Planerad sista \u00f6ppetdag f\u00f6r s\u00e4songen 2026 \u00e4r s\u00f6ndagen 23 augusti, kan \u00e4ndras!)<\/p>\n","protected":false},"author":1,"featured_media":0,"comment_status":"closed","ping_status":"open","sticky":false,"template":"","format":"standard","meta":[],"categories":[1],"tags":[],"_links":{"self":[{"href":"https:\/\/www.kvarnparksbadet.org\/index.php?rest_route=\/wp\/v2\/posts\/364"}],"collection":[{"href":"https:\/\/www.kvarnparksbadet.org\/index.php?rest_route=\/wp\/v2\/posts"}],"about":[{"href":"https:\/\/www.kvarnparksbadet.org\/index.php?rest_route=\/wp\/v2\/types\/post"}],"author":[{"embeddable":true,"href":"https:\/\/www.kvarnparksbadet.org\/index.php?rest_route=\/wp\/v2\/users\/1"}],"replies":[{"embeddable":true,"href":"https:\/\/www.kvarnparksbadet.org\/index.php?rest_route=%2Fwp%2Fv2%2Fcomments&post=364"}],"version-history":[{"count":29,"href":"https:\/\/www.kvarnparksbadet.org\/index.php?rest_route=\/wp\/v2\/posts\/364\/revisions"}],"predecessor-version":[{"id":1516,"href":"https:\/\/www.kvarnparksbadet.org\/index.php?rest_route=\/wp\/v2\/posts\/364\/revisions\/1516"}],"wp:attachment":[{"href":"https:\/\/www.kvarnparksbadet.org\/index.php?rest_route=%2Fwp%2Fv2%2Fmedia&parent=364"}],"wp:term":[{"taxonomy":"category","embeddable":true,"href":"https:\/\/www.kvarnparksbadet.org\/index.php?rest_route=%2Fwp%2Fv2%2Fcategories&post=364"},{"taxonomy":"post_tag","embeddable":true,"href":"https:\/\/www.kvarnparksbadet.org\/index.php?rest_route=%2Fwp%2Fv2%2Ftags&post=364"}],"curies":[{"name":"wp","href":"https:\/\/api.w.org\/{rel}","templated":true}]}}